{"id":7627,"date":"2026-09-02T08:10:03","date_gmt":"2026-09-02T06:10:03","guid":{"rendered":"https:\/\/gnadenhof-lossa.de\/?p=7627"},"modified":"2026-09-02T08:11:29","modified_gmt":"2026-09-02T06:11:29","slug":"sarah-sophie-und-schmusi","status":"publish","type":"post","link":"https:\/\/gnadenhof-lossa.de\/?p=7627","title":{"rendered":"Sarah, Sophie und Schmusi"},"content":{"rendered":"\n<p class=\"wp-block-paragraph\">Alle drei M\u00e4dels wurden ca im Mai 2022 geboren, sie sind geimpft, gechipt, kastriert und FiV\/FelV negativ getestet. Die drei M\u00e4dchen sind Geschwister und wundersch\u00f6n. Sarah und Sophie sind grau getigert und Schmusi ist schwarz\/wei\u00df. Leider sind sie sehr zur\u00fcckhaltend bis scheu. Sie ben\u00f6tigen Menschen mit viel Geduld und Verst\u00e4ndnis. Auch bei Schmusi ist der Name nicht Programm. Allerdings sind sie bei Menschen die sie kennen durchaus bestechlich und nehmen Leckerchen aus der Hand und das ist der Weg f\u00fcrs Zutrauen. Dabei sind sogar kurze Ber\u00fchrungen m\u00f6glich. Sie haben alle das Potenzial zum Schmusetiger.<br>Sie sind insgesamt sehr ruhig und vertr\u00e4glich. Sie werden nicht in Einzelhaltung vermitteln. Von Vorteil w\u00e4re eine soziale und menschenbezogene Erstkatze die ihnen zeigt das Menschen und Streicheleinheiten toll sind. Kleine Kinder sollten auch nicht im Haushalt sein, da zu bef\u00fcrchten ist, das sie damit \u00fcberfordert sind. Sie werden ausschlie\u00dflich in Wohnungshaltung vermittelt, gern mit gesicherten Balkon.<\/p>\n\n\n\n<p class=\"wp-block-paragraph\">Alle drei werden viel Zeit ben\u00f6tigen um aufzutauen, aber vielleicht gibt es ja geduldige Menschen die ihnen diese Chance geben und sich der Herausforderung stellen. Sie haben es mehr als verdient ein eigenen Zuhause zu bekommen.<\/p>\n\n\n\n<p class=\"wp-block-paragraph\"><mark style=\"background-color:rgba(0, 0, 0, 0)\" class=\"has-inline-color has-vivid-red-color\">Schmusi<\/mark><\/p>\n\n\n\n<figure class=\"wp-block-image size-full\"><img fetchpriority=\"high\" decoding=\"async\" width=\"600\" height=\"780\" src=\"https:\/\/gnadenhof-lossa.de\/wp-content\/uploads\/2026\/09\/Schmusi.webp\" alt=\"\" class=\"wp-image-7628\" srcset=\"https:\/\/gnadenhof-lossa.de\/wp-content\/uploads\/2026\/09\/Schmusi.webp 600w, https:\/\/gnadenhof-lossa.de\/wp-content\/uploads\/2026\/09\/Schmusi-231x300.webp 231w\" sizes=\"(max-width: 600px) 100vw, 600px\" \/><\/figure>\n\n\n\n<p class=\"wp-block-paragraph\"><mark style=\"background-color:rgba(0, 0, 0, 0)\" class=\"has-inline-color has-vivid-red-color\">Sophie<\/mark><\/p>\n\n\n\n<figure class=\"wp-block-image size-full\"><img decoding=\"async\" width=\"600\" height=\"800\" src=\"https:\/\/gnadenhof-lossa.de\/wp-content\/uploads\/2026\/09\/Sophie.webp\" alt=\"\" class=\"wp-image-7629\" srcset=\"https:\/\/gnadenhof-lossa.de\/wp-content\/uploads\/2026\/09\/Sophie.webp 600w, https:\/\/gnadenhof-lossa.de\/wp-content\/uploads\/2026\/09\/Sophie-225x300.webp 225w\" sizes=\"(max-width: 600px) 100vw, 600px\" \/><\/figure>\n\n\n\n<p class=\"wp-block-paragraph\"><mark style=\"background-color:rgba(0, 0, 0, 0)\" class=\"has-inline-color has-vivid-red-color\">Sarah<\/mark><\/p>\n\n\n\n<figure class=\"wp-block-image size-full\"><img decoding=\"async\" width=\"600\" height=\"800\" src=\"https:\/\/gnadenhof-lossa.de\/wp-content\/uploads\/2026\/09\/Sarah.webp\" alt=\"\" class=\"wp-image-7630\" srcset=\"https:\/\/gnadenhof-lossa.de\/wp-content\/uploads\/2026\/09\/Sarah.webp 600w, https:\/\/gnadenhof-lossa.de\/wp-content\/uploads\/2026\/09\/Sarah-225x300.webp 225w\" sizes=\"(max-width: 600px) 100vw, 600px\" \/><\/figure>\n\n\n\n<p class=\"wp-block-paragraph\"><\/p>\n\n\n\n<p class=\"wp-block-paragraph\"><\/p>\n\n\n\n<p class=\"wp-block-paragraph\"><\/p>\n","protected":false},"excerpt":{"rendered":"<p>Alle drei M\u00e4dels wurden ca im Mai 2022 geboren, sie sind geimpft, gechipt, kastriert und FiV\/FelV negativ getestet. Die drei M\u00e4dchen sind Geschwister und wundersch\u00f6n. Sarah und Sophie sind grau getigert und Schmusi ist schwarz\/wei\u00df. Leider sind sie sehr zur\u00fcckhaltend bis scheu. Sie ben\u00f6tigen Menschen mit viel Geduld und Verst\u00e4ndnis. Auch bei Schmusi ist der [&hellip;]<\/p>\n","protected":false},"author":2,"featured_media":0,"comment_status":"closed","ping_status":"closed","sticky":false,"template":"","format":"standard","meta":{"footnotes":""},"categories":[12],"tags":[],"class_list":["post-7627","post","type-post","status-publish","format-standard","hentry","category-katzen"],"_links":{"self":[{"href":"https:\/\/gnadenhof-lossa.de\/index.php?rest_route=\/wp\/v2\/posts\/7627","targetHints":{"allow":["GET"]}}],"collection":[{"href":"https:\/\/gnadenhof-lossa.de\/index.php?rest_route=\/wp\/v2\/posts"}],"about":[{"href":"https:\/\/gnadenhof-lossa.de\/index.php?rest_route=\/wp\/v2\/types\/post"}],"author":[{"embeddable":true,"href":"https:\/\/gnadenhof-lossa.de\/index.php?rest_route=\/wp\/v2\/users\/2"}],"replies":[{"embeddable":true,"href":"https:\/\/gnadenhof-lossa.de\/index.php?rest_route=%2Fwp%2Fv2%2Fcomments&post=7627"}],"version-history":[{"count":1,"href":"https:\/\/gnadenhof-lossa.de\/index.php?rest_route=\/wp\/v2\/posts\/7627\/revisions"}],"predecessor-version":[{"id":7631,"href":"https:\/\/gnadenhof-lossa.de\/index.php?rest_route=\/wp\/v2\/posts\/7627\/revisions\/7631"}],"wp:attachment":[{"href":"https:\/\/gnadenhof-lossa.de\/index.php?rest_route=%2Fwp%2Fv2%2Fmedia&parent=7627"}],"wp:term":[{"taxonomy":"category","embeddable":true,"href":"https:\/\/gnadenhof-lossa.de\/index.php?rest_route=%2Fwp%2Fv2%2Fcategories&post=7627"},{"taxonomy":"post_tag","embeddable":true,"href":"https:\/\/gnadenhof-lossa.de\/index.php?rest_route=%2Fwp%2Fv2%2Ftags&post=7627"}],"curies":[{"name":"wp","href":"https:\/\/api.w.org\/{rel}","templated":true}]}}