{"id":6748,"date":"2025-09-03T19:17:47","date_gmt":"2025-09-03T17:17:47","guid":{"rendered":"https:\/\/gnadenhof-lossa.de\/?p=6748"},"modified":"2025-10-15T06:57:06","modified_gmt":"2025-10-15T04:57:06","slug":"herzlich-willkommen","status":"publish","type":"post","link":"https:\/\/gnadenhof-lossa.de\/?p=6748","title":{"rendered":"Herzlich willkommen :-) !"},"content":{"rendered":"\n<p>Das neue Freiwillige \u00d6kologische Jahr (F\u00d6J) ist gestartet!<br>Und wir sind very happy dar\u00fcber, dass sich Lara und Erik f\u00fcr die Einsatzstellen in unserem Verein entschieden haben. Wir freuen uns auf eine tolle Zusammenarbeit.<br>N\u00e4here Informationen auch zum Thema F\u00d6J:<br><a href=\"https:\/\/oekostation-borna-birkenhain.de\/\">https:\/\/oekostation-borna-birkenhain.de\/<\/a><br><br>P.S. F\u00fcr unsere Kaninchen ben\u00f6tigen wir t\u00e4glich Gem\u00fcse. Leider hat sich bisher kein einziger regionaler Supermarkt bei uns gemeldet, der uns ggf. MHD oder &#8222;nicht mehr so gute Ware&#8220; f\u00fcr die Tiere abgibt. Das finden wir sehr schade.<\/p>\n","protected":false},"excerpt":{"rendered":"<p>Das neue Freiwillige \u00d6kologische Jahr (F\u00d6J) ist gestartet!Und wir sind very happy dar\u00fcber, dass sich Lara und Erik f\u00fcr die Einsatzstellen in unserem Verein entschieden haben. Wir freuen uns auf eine tolle Zusammenarbeit.N\u00e4here Informationen auch zum Thema F\u00d6J:https:\/\/oekostation-borna-birkenhain.de\/ P.S. F\u00fcr unsere Kaninchen ben\u00f6tigen wir t\u00e4glich Gem\u00fcse. Leider hat sich bisher kein einziger regionaler Supermarkt bei [&hellip;]<\/p>\n","protected":false},"author":2,"featured_media":6749,"comment_status":"closed","ping_status":"closed","sticky":false,"template":"","format":"standard","meta":{"footnotes":""},"categories":[42],"tags":[],"class_list":["post-6748","post","type-post","status-publish","format-standard","has-post-thumbnail","hentry","category-beitragsarchiv"],"_links":{"self":[{"href":"https:\/\/gnadenhof-lossa.de\/index.php?rest_route=\/wp\/v2\/posts\/6748","targetHints":{"allow":["GET"]}}],"collection":[{"href":"https:\/\/gnadenhof-lossa.de\/index.php?rest_route=\/wp\/v2\/posts"}],"about":[{"href":"https:\/\/gnadenhof-lossa.de\/index.php?rest_route=\/wp\/v2\/types\/post"}],"author":[{"embeddable":true,"href":"https:\/\/gnadenhof-lossa.de\/index.php?rest_route=\/wp\/v2\/users\/2"}],"replies":[{"embeddable":true,"href":"https:\/\/gnadenhof-lossa.de\/index.php?rest_route=%2Fwp%2Fv2%2Fcomments&post=6748"}],"version-history":[{"count":1,"href":"https:\/\/gnadenhof-lossa.de\/index.php?rest_route=\/wp\/v2\/posts\/6748\/revisions"}],"predecessor-version":[{"id":6750,"href":"https:\/\/gnadenhof-lossa.de\/index.php?rest_route=\/wp\/v2\/posts\/6748\/revisions\/6750"}],"wp:featuredmedia":[{"embeddable":true,"href":"https:\/\/gnadenhof-lossa.de\/index.php?rest_route=\/wp\/v2\/media\/6749"}],"wp:attachment":[{"href":"https:\/\/gnadenhof-lossa.de\/index.php?rest_route=%2Fwp%2Fv2%2Fmedia&parent=6748"}],"wp:term":[{"taxonomy":"category","embeddable":true,"href":"https:\/\/gnadenhof-lossa.de\/index.php?rest_route=%2Fwp%2Fv2%2Fcategories&post=6748"},{"taxonomy":"post_tag","embeddable":true,"href":"https:\/\/gnadenhof-lossa.de\/index.php?rest_route=%2Fwp%2Fv2%2Ftags&post=6748"}],"curies":[{"name":"wp","href":"https:\/\/api.w.org\/{rel}","templated":true}]}}