{"id":6391,"date":"2025-01-14T12:23:10","date_gmt":"2025-01-14T11:23:10","guid":{"rendered":"https:\/\/gnadenhof-lossa.de\/?p=6391"},"modified":"2025-03-19T13:16:33","modified_gmt":"2025-03-19T12:16:33","slug":"loreen-und-lotta","status":"publish","type":"post","link":"https:\/\/gnadenhof-lossa.de\/?p=6391","title":{"rendered":"Loreen und Lotta"},"content":{"rendered":"\n<p>Wir sind schon fast in der Mitte des Januars angekommen &#8211; also ist es h\u00f6chste Zeit f\u00fcr die Katzen des Monats!<\/p>\n\n\n\n<p>Ja, richtig, Mehrzahl &#8211; dieses Mal hat es wieder ein Katzenpaar in unsere Auswahl geschafft.<\/p>\n\n\n\n<p>Loreen (wei\u00df &amp; grau getigert) und Lotta (grau-braun getigert) kamen Mitte Dezember als Findelkinder zu uns auf den Hof. In den ersten Tagen hatten sie einen unangenehmen Infekt auszukurieren, jetzt sind sie aber fit und bereit, ihre zuk\u00fcnftige Familie kennenzulernen.<\/p>\n\n\n\n<p>Die beiden ca. 6 Monate alten Samtpfoten sind im Umgang mit Menschen noch etwas vorsichtig. Wenn man sich ihnen langsam n\u00e4hert und sich geduldig mit ihnen besch\u00e4ftigt, m\u00f6gen sie es sehr, gestreichelt zu werden. Wer m\u00f6chte die beiden noch weiter zum auftauen bringen und sie ins Herz schlie\u00dfen?<\/p>\n","protected":false},"excerpt":{"rendered":"<p>Wir sind schon fast in der Mitte des Januars angekommen &#8211; also ist es h\u00f6chste Zeit f\u00fcr die Katzen des Monats! Ja, richtig, Mehrzahl &#8211; dieses Mal hat es wieder ein Katzenpaar in unsere Auswahl geschafft. Loreen (wei\u00df &amp; grau getigert) und Lotta (grau-braun getigert) kamen Mitte Dezember als Findelkinder zu uns auf den Hof. [&hellip;]<\/p>\n","protected":false},"author":2,"featured_media":6392,"comment_status":"closed","ping_status":"closed","sticky":false,"template":"","format":"standard","meta":{"footnotes":""},"categories":[42],"tags":[],"class_list":["post-6391","post","type-post","status-publish","format-standard","has-post-thumbnail","hentry","category-beitragsarchiv"],"_links":{"self":[{"href":"https:\/\/gnadenhof-lossa.de\/index.php?rest_route=\/wp\/v2\/posts\/6391","targetHints":{"allow":["GET"]}}],"collection":[{"href":"https:\/\/gnadenhof-lossa.de\/index.php?rest_route=\/wp\/v2\/posts"}],"about":[{"href":"https:\/\/gnadenhof-lossa.de\/index.php?rest_route=\/wp\/v2\/types\/post"}],"author":[{"embeddable":true,"href":"https:\/\/gnadenhof-lossa.de\/index.php?rest_route=\/wp\/v2\/users\/2"}],"replies":[{"embeddable":true,"href":"https:\/\/gnadenhof-lossa.de\/index.php?rest_route=%2Fwp%2Fv2%2Fcomments&post=6391"}],"version-history":[{"count":1,"href":"https:\/\/gnadenhof-lossa.de\/index.php?rest_route=\/wp\/v2\/posts\/6391\/revisions"}],"predecessor-version":[{"id":6393,"href":"https:\/\/gnadenhof-lossa.de\/index.php?rest_route=\/wp\/v2\/posts\/6391\/revisions\/6393"}],"wp:featuredmedia":[{"embeddable":true,"href":"https:\/\/gnadenhof-lossa.de\/index.php?rest_route=\/wp\/v2\/media\/6392"}],"wp:attachment":[{"href":"https:\/\/gnadenhof-lossa.de\/index.php?rest_route=%2Fwp%2Fv2%2Fmedia&parent=6391"}],"wp:term":[{"taxonomy":"category","embeddable":true,"href":"https:\/\/gnadenhof-lossa.de\/index.php?rest_route=%2Fwp%2Fv2%2Fcategories&post=6391"},{"taxonomy":"post_tag","embeddable":true,"href":"https:\/\/gnadenhof-lossa.de\/index.php?rest_route=%2Fwp%2Fv2%2Ftags&post=6391"}],"curies":[{"name":"wp","href":"https:\/\/api.w.org\/{rel}","templated":true}]}}