{"id":6384,"date":"2025-01-12T09:56:35","date_gmt":"2025-01-12T08:56:35","guid":{"rendered":"https:\/\/gnadenhof-lossa.de\/?p=6384"},"modified":"2025-01-28T14:31:17","modified_gmt":"2025-01-28T13:31:17","slug":"unser-kater-max","status":"publish","type":"post","link":"https:\/\/gnadenhof-lossa.de\/?p=6384","title":{"rendered":"Unser Kater Max"},"content":{"rendered":"\n<p>Schon so fr\u00fch im Jahr verabschieden wir unser erstes Sternenkind. \ud83d\udcab\u2601\ufe0f<\/p>\n\n\n\n<p>Heute Morgen mussten wir unseren Max \u00fcber die Regenbogenbr\u00fccke auf die himmlische Spielwiese ziehen lassen. \ud83d\udc94\ud83c\udf08<\/p>\n\n\n\n<p>Das Schicksal hatte unseren Max von seinem Lebensstart an schwer gezeichnet, doch durch die medizinische Behandlung und sehr viel liebevolle F\u00fcrsorge, haben wir ihm seine letzten Monate, die er bei uns auf dem Hof verbrachte, so freudvoll und w\u00fcrdig wie nur m\u00f6glich gestaltet. \ud83c\udfe1\u2764\ufe0f\u200d\ud83e\ude79<\/p>\n\n\n\n<p>Euch allen ist Max\u2018 Geschichte zumindest im Ansatz bekannt &#8211; Einigen lag es besonders am Herzen, ihn innig zu begleiten und zu betreuen. Wir sprechen einen gro\u00dfen Dank an all jene aus, die dem tollen Kerl so viel Liebe und Zuwendung in der Pflege geschenkt haben, und auch an all jene, die uns dabei durch Spenden und Patenschaften unterst\u00fctzten. F\u00fchlt euch gedr\u00fcckt, wir sch\u00e4tzen euren Einsatz ungemein! \ud83d\ude4f\ud83c\udffd\u2763\ufe0f<\/p>\n\n\n\n<p>Einschlafen durfte unser Maxl, behutsam von unserer Tier\u00e4rztin begleitet, mit Beistand seiner lieben Menschenfreundin Sylvia, die ihn w\u00e4hrend seiner letzten Tage, gemeinsam mit Ute, besonders umsorgte. \ud83d\udc63\ud83d\udc3e<\/p>\n\n\n\n<p>Unsere Herzen f\u00fchlen sich heute schwer an, denn eine geliebte Seele ziehen zu lassen, trifft immer hart und rei\u00dft ein Loch ins Leben, selbst wenn es zum Besten f\u00fcr das erl\u00f6ste Wesen ist. Auch wenn das eine Herz aufh\u00f6rt zu schlagen, schwingt im Schlag des anderen Herzen eben immer noch die liebevolle Verbundenheit mit. \ud83d\ude14\ud83d\udda4<\/p>\n\n\n\n<p>#abschied #gnadenhof #nachruf #tierschutz #tierpflege #letzterweg<\/p>\n","protected":false},"excerpt":{"rendered":"<p>Schon so fr\u00fch im Jahr verabschieden wir unser erstes Sternenkind. \ud83d\udcab\u2601\ufe0f Heute Morgen mussten wir unseren Max \u00fcber die Regenbogenbr\u00fccke auf die himmlische Spielwiese ziehen lassen. \ud83d\udc94\ud83c\udf08 Das Schicksal hatte unseren Max von seinem Lebensstart an schwer gezeichnet, doch durch die medizinische Behandlung und sehr viel liebevolle F\u00fcrsorge, haben wir ihm seine letzten Monate, die [&hellip;]<\/p>\n","protected":false},"author":2,"featured_media":6385,"comment_status":"closed","ping_status":"closed","sticky":false,"template":"","format":"standard","meta":{"footnotes":""},"categories":[42],"tags":[],"class_list":["post-6384","post","type-post","status-publish","format-standard","has-post-thumbnail","hentry","category-beitragsarchiv"],"_links":{"self":[{"href":"https:\/\/gnadenhof-lossa.de\/index.php?rest_route=\/wp\/v2\/posts\/6384","targetHints":{"allow":["GET"]}}],"collection":[{"href":"https:\/\/gnadenhof-lossa.de\/index.php?rest_route=\/wp\/v2\/posts"}],"about":[{"href":"https:\/\/gnadenhof-lossa.de\/index.php?rest_route=\/wp\/v2\/types\/post"}],"author":[{"embeddable":true,"href":"https:\/\/gnadenhof-lossa.de\/index.php?rest_route=\/wp\/v2\/users\/2"}],"replies":[{"embeddable":true,"href":"https:\/\/gnadenhof-lossa.de\/index.php?rest_route=%2Fwp%2Fv2%2Fcomments&post=6384"}],"version-history":[{"count":1,"href":"https:\/\/gnadenhof-lossa.de\/index.php?rest_route=\/wp\/v2\/posts\/6384\/revisions"}],"predecessor-version":[{"id":6386,"href":"https:\/\/gnadenhof-lossa.de\/index.php?rest_route=\/wp\/v2\/posts\/6384\/revisions\/6386"}],"wp:featuredmedia":[{"embeddable":true,"href":"https:\/\/gnadenhof-lossa.de\/index.php?rest_route=\/wp\/v2\/media\/6385"}],"wp:attachment":[{"href":"https:\/\/gnadenhof-lossa.de\/index.php?rest_route=%2Fwp%2Fv2%2Fmedia&parent=6384"}],"wp:term":[{"taxonomy":"category","embeddable":true,"href":"https:\/\/gnadenhof-lossa.de\/index.php?rest_route=%2Fwp%2Fv2%2Fcategories&post=6384"},{"taxonomy":"post_tag","embeddable":true,"href":"https:\/\/gnadenhof-lossa.de\/index.php?rest_route=%2Fwp%2Fv2%2Ftags&post=6384"}],"curies":[{"name":"wp","href":"https:\/\/api.w.org\/{rel}","templated":true}]}}