{"id":5491,"date":"2024-05-05T12:20:10","date_gmt":"2024-05-05T10:20:10","guid":{"rendered":"https:\/\/gnadenhof-lossa.de\/?p=5491"},"modified":"2024-07-21T12:04:41","modified_gmt":"2024-07-21T10:04:41","slug":"katze-des-monats-mai-beauty","status":"publish","type":"post","link":"https:\/\/gnadenhof-lossa.de\/?p=5491","title":{"rendered":"Katze des Monats Mai &#8211; Beauty"},"content":{"rendered":"\n<ul class=\"wp-block-list\">\n<li>Beauty ist auf einer Pflegestelle &#8211; wir freuen uns!<\/li>\n<\/ul>\n\n\n\n<p>Zeit f\u00fcr die Vorstellung unserer Katze des Monats! \ud83d\udc08\ud83d\uddd3\ufe0f Unsere wortw\u00f6rtliche \u201eBeauty\u201c \ud83d\ude0d, die mittlerweile sch\u00e4tzungsweise 7-8 Jahre alt ist, m\u00f6chte sich euch heute vorstellen und w\u00fcrde sich sehr \u00fcber ein pers\u00f6nliches Treffen freuen, weil sie dringend ein Zuhause sucht! \ud83d\udc40\ud83c\udfe1<\/p>\n\n\n\n<p>Beauty kam im Jahre 2022 zu uns und hat, seit wir sie kennen, mit \u00dcbergewicht zu k\u00e4mpfen. Zus\u00e4tzlich leckt sie sich exzessiv den Bauch. Wir haben zahlreiche Untersuchungen durchf\u00fchren lassen und m\u00fcssen im Endeffekt davon ausgehen, dass beide Beschwerden emotionaler und psychischer Natur sind. \ud83e\udec0\u2764\ufe0f\u200d\ud83e\ude79<\/p>\n\n\n\n<p>Unsere sch\u00f6ne Tricolor Europ\u00e4isch Kurzhaar Katze durfte schon einmal in eine Pflegefamilie ziehen, die sie aber leider aus pers\u00f6nlichen Gr\u00fcnden nicht langfristig umsorgen konnte. Nun ist Beauty bereits seit vielen Monaten wieder bei uns und sehnt sich nach einem geduldigen, liebevollen, ruhigen Zuhause, in dem sie als Einzelkatze wohnen darf. \ud83d\udc3e\ud83e\uddd1\u200d\ud83e\uddd1\u200d\ud83e\uddd2<\/p>\n\n\n\n<p>Beauty bekommt zur Gewichtskontrolle Spezialfutter und soll im Rahmen einer Pflegestelle vermittelt werden. Eine feste \u00dcbernahme zu einem sp\u00e4teren Zeitpunkt w\u00e4re ideal f\u00fcr die gef\u00fchlvolle, tief empfindende Katzenseele! \ud83d\ude0d\u2763\ufe0f<br>Wir w\u00fcrden uns sehr freuen, wenn es DEN Menschen f\u00fcr Beauty g\u00e4be, bei dem sie immer bleiben kann.<\/p>\n","protected":false},"excerpt":{"rendered":"<p>Zeit f\u00fcr die Vorstellung unserer Katze des Monats! \ud83d\udc08\ud83d\uddd3\ufe0f Unsere wortw\u00f6rtliche \u201eBeauty\u201c \ud83d\ude0d, die mittlerweile sch\u00e4tzungsweise 7-8 Jahre alt ist, m\u00f6chte sich euch heute vorstellen und w\u00fcrde sich sehr \u00fcber ein pers\u00f6nliches Treffen freuen, weil sie dringend ein Zuhause sucht! \ud83d\udc40\ud83c\udfe1 Beauty kam im Jahre 2022 zu uns und hat, seit wir sie kennen, mit [&hellip;]<\/p>\n","protected":false},"author":2,"featured_media":5492,"comment_status":"closed","ping_status":"closed","sticky":false,"template":"","format":"standard","meta":{"footnotes":""},"categories":[42],"tags":[],"class_list":["post-5491","post","type-post","status-publish","format-standard","has-post-thumbnail","hentry","category-beitragsarchiv"],"_links":{"self":[{"href":"https:\/\/gnadenhof-lossa.de\/index.php?rest_route=\/wp\/v2\/posts\/5491","targetHints":{"allow":["GET"]}}],"collection":[{"href":"https:\/\/gnadenhof-lossa.de\/index.php?rest_route=\/wp\/v2\/posts"}],"about":[{"href":"https:\/\/gnadenhof-lossa.de\/index.php?rest_route=\/wp\/v2\/types\/post"}],"author":[{"embeddable":true,"href":"https:\/\/gnadenhof-lossa.de\/index.php?rest_route=\/wp\/v2\/users\/2"}],"replies":[{"embeddable":true,"href":"https:\/\/gnadenhof-lossa.de\/index.php?rest_route=%2Fwp%2Fv2%2Fcomments&post=5491"}],"version-history":[{"count":2,"href":"https:\/\/gnadenhof-lossa.de\/index.php?rest_route=\/wp\/v2\/posts\/5491\/revisions"}],"predecessor-version":[{"id":5516,"href":"https:\/\/gnadenhof-lossa.de\/index.php?rest_route=\/wp\/v2\/posts\/5491\/revisions\/5516"}],"wp:featuredmedia":[{"embeddable":true,"href":"https:\/\/gnadenhof-lossa.de\/index.php?rest_route=\/wp\/v2\/media\/5492"}],"wp:attachment":[{"href":"https:\/\/gnadenhof-lossa.de\/index.php?rest_route=%2Fwp%2Fv2%2Fmedia&parent=5491"}],"wp:term":[{"taxonomy":"category","embeddable":true,"href":"https:\/\/gnadenhof-lossa.de\/index.php?rest_route=%2Fwp%2Fv2%2Fcategories&post=5491"},{"taxonomy":"post_tag","embeddable":true,"href":"https:\/\/gnadenhof-lossa.de\/index.php?rest_route=%2Fwp%2Fv2%2Ftags&post=5491"}],"curies":[{"name":"wp","href":"https:\/\/api.w.org\/{rel}","templated":true}]}}